{"id":575,"date":"2014-11-03T10:21:30","date_gmt":"2014-11-03T09:21:30","guid":{"rendered":"http:\/\/www.ferdmc.com\/?p=575"},"modified":"2017-09-18T10:21:36","modified_gmt":"2017-09-18T09:21:36","slug":"nachbericht-videos-zum-4-kongress-e-rechnung-fokus-europa-und-international","status":"publish","type":"post","link":"https:\/\/www.ferdmc.com\/es\/2014\/11\/03\/nachbericht-videos-zum-4-kongress-e-rechnung-fokus-europa-und-international\/","title":{"rendered":"(Deutsch) Nachbericht &#038; Videos zum 4. Kongress E-Rechnung &#8211; Fokus Europa und International"},"content":{"rendered":"<p class=\"qtranxs-available-languages-message qtranxs-available-languages-message-es\">Disculpa, pero esta entrada est\u00e1 disponible s\u00f3lo en <a href=\"https:\/\/www.ferdmc.com\/de\/wp-json\/wp\/v2\/posts\/575\" class=\"qtranxs-available-language-link qtranxs-available-language-link-de\" title=\"Deutsch\">Alem\u00e1n<\/a>.<\/p>","protected":false},"excerpt":{"rendered":"<p class=\"qtranxs-available-languages-message qtranxs-available-languages-message-es\">Disculpa, pero esta entrada est\u00e1 disponible s\u00f3lo en <a href=\"https:\/\/www.ferdmc.com\/de\/wp-json\/wp\/v2\/posts\/575\" class=\"qtranxs-available-language-link qtranxs-available-language-link-de\" title=\"Deutsch\">Alem\u00e1n<\/a>.<\/p>\n","protected":false},"author":3,"featured_media":0,"comment_status":"open","ping_status":"open","sticky":false,"template":"","format":"standard","meta":{"footnotes":""},"categories":[4],"tags":[],"yoast_head":"<!-- This site is optimized with the Yoast SEO plugin v21.8 - https:\/\/yoast.com\/wordpress\/plugins\/seo\/ -->\n<title>(Deutsch) Nachbericht &amp; Videos zum 4. Kongress E-Rechnung - Fokus Europa und International - ferd management &amp; consulting GmbH<\/title>\n<meta name=\"robots\" content=\"index, follow, max-snippet:-1, max-image-preview:large, max-video-preview:-1\" \/>\n<link rel=\"canonical\" href=\"https:\/\/www.ferdmc.com\/2014\/11\/03\/nachbericht-videos-zum-4-kongress-e-rechnung-fokus-europa-und-international\/\" \/>\n<meta property=\"og:locale\" content=\"es_ES\" \/>\n<meta property=\"og:type\" content=\"article\" \/>\n<meta property=\"og:title\" content=\"(Deutsch) Nachbericht &amp; Videos zum 4. Kongress E-Rechnung - Fokus Europa und International - ferd management &amp; consulting GmbH\" \/>\n<meta property=\"og:description\" content=\"[:de]Erschienen auf Wirtschaftskammer \u00d6sterreich  Gesch\u00e4ftsf\u00fchrer von ferdmc Stefan Engel-Flechsig, hielt in seiner Funktion als Leiter des Forums elektronische Rechnung Deutschland (FeRD) auf dem WK\u00d6-Kongress einen Vortrag \u00fcber die aktuellen Entwicklungen in der EU und Praxis der E-Rechnung in Deutschland. Die Wirtschaftskammer \u00d6sterreich stellt diesen und weitere Vortr\u00e4ge in Video-Form auf Ihrer Website zur Verf\u00fcgung.[:]Weitere Informationen\" \/>\n<meta property=\"og:url\" content=\"https:\/\/www.ferdmc.com\/2014\/11\/03\/nachbericht-videos-zum-4-kongress-e-rechnung-fokus-europa-und-international\/\" \/>\n<meta property=\"og:site_name\" content=\"ferd management &amp; consulting GmbH\" \/>\n<meta property=\"article:published_time\" content=\"2014-11-03T09:21:30+00:00\" \/>\n<meta property=\"article:modified_time\" content=\"2017-09-18T09:21:36+00:00\" \/>\n<meta name=\"author\" content=\"Annika Tiedemann\" \/>\n<meta name=\"twitter:label1\" content=\"Escrito por\" \/>\n\t<meta name=\"twitter:data1\" content=\"Annika Tiedemann\" \/>\n\t<meta name=\"twitter:label2\" content=\"Tiempo de lectura\" \/>\n\t<meta name=\"twitter:data2\" content=\"1 minuto\" \/>\n<script type=\"application\/ld+json\" class=\"yoast-schema-graph\">{\"@context\":\"https:\/\/schema.org\",\"@graph\":[{\"@type\":\"WebPage\",\"@id\":\"https:\/\/www.ferdmc.com\/2014\/11\/03\/nachbericht-videos-zum-4-kongress-e-rechnung-fokus-europa-und-international\/\",\"url\":\"https:\/\/www.ferdmc.com\/2014\/11\/03\/nachbericht-videos-zum-4-kongress-e-rechnung-fokus-europa-und-international\/\",\"name\":\"(Deutsch) Nachbericht & Videos zum 4. Kongress E-Rechnung - Fokus Europa und International - ferd management &amp; consulting GmbH\",\"isPartOf\":{\"@id\":\"https:\/\/www.ferdmc.com\/#website\"},\"datePublished\":\"2014-11-03T09:21:30+00:00\",\"dateModified\":\"2017-09-18T09:21:36+00:00\",\"author\":{\"@id\":\"https:\/\/www.ferdmc.com\/#\/schema\/person\/fb3f185cf13757bc3d511eab5f0147c0\"},\"breadcrumb\":{\"@id\":\"https:\/\/www.ferdmc.com\/2014\/11\/03\/nachbericht-videos-zum-4-kongress-e-rechnung-fokus-europa-und-international\/#breadcrumb\"},\"inLanguage\":\"es\",\"potentialAction\":[{\"@type\":\"ReadAction\",\"target\":[\"https:\/\/www.ferdmc.com\/2014\/11\/03\/nachbericht-videos-zum-4-kongress-e-rechnung-fokus-europa-und-international\/\"]}]},{\"@type\":\"BreadcrumbList\",\"@id\":\"https:\/\/www.ferdmc.com\/2014\/11\/03\/nachbericht-videos-zum-4-kongress-e-rechnung-fokus-europa-und-international\/#breadcrumb\",\"itemListElement\":[{\"@type\":\"ListItem\",\"position\":1,\"name\":\"Home\",\"item\":\"https:\/\/www.ferdmc.com\/\"},{\"@type\":\"ListItem\",\"position\":2,\"name\":\"Nachbericht &#038; Videos zum 4. Kongress E-Rechnung &#8211; Fokus Europa und International\"}]},{\"@type\":\"WebSite\",\"@id\":\"https:\/\/www.ferdmc.com\/#website\",\"url\":\"https:\/\/www.ferdmc.com\/\",\"name\":\"ferd management &amp; consulting GmbH\",\"description\":\"Optimierte Rechnungsprozesse\",\"potentialAction\":[{\"@type\":\"SearchAction\",\"target\":{\"@type\":\"EntryPoint\",\"urlTemplate\":\"https:\/\/www.ferdmc.com\/?s={search_term_string}\"},\"query-input\":\"required name=search_term_string\"}],\"inLanguage\":\"es\"},{\"@type\":\"Person\",\"@id\":\"https:\/\/www.ferdmc.com\/#\/schema\/person\/fb3f185cf13757bc3d511eab5f0147c0\",\"name\":\"Annika Tiedemann\",\"image\":{\"@type\":\"ImageObject\",\"inLanguage\":\"es\",\"@id\":\"https:\/\/www.ferdmc.com\/#\/schema\/person\/image\/\",\"url\":\"https:\/\/secure.gravatar.com\/avatar\/da2c5066c5bd65c9e118cd60f68c1a90?s=96&d=mm&r=g\",\"contentUrl\":\"https:\/\/secure.gravatar.com\/avatar\/da2c5066c5bd65c9e118cd60f68c1a90?s=96&d=mm&r=g\",\"caption\":\"Annika Tiedemann\"},\"url\":\"https:\/\/www.ferdmc.com\/es\/author\/annika-tiedemann\/\"}]}<\/script>\n<!-- \/ Yoast SEO plugin. -->","yoast_head_json":{"title":"(Deutsch) Nachbericht & Videos zum 4. Kongress E-Rechnung - Fokus Europa und International - ferd management &amp; consulting GmbH","robots":{"index":"index","follow":"follow","max-snippet":"max-snippet:-1","max-image-preview":"max-image-preview:large","max-video-preview":"max-video-preview:-1"},"canonical":"https:\/\/www.ferdmc.com\/2014\/11\/03\/nachbericht-videos-zum-4-kongress-e-rechnung-fokus-europa-und-international\/","og_locale":"es_ES","og_type":"article","og_title":"(Deutsch) Nachbericht & Videos zum 4. Kongress E-Rechnung - Fokus Europa und International - ferd management &amp; consulting GmbH","og_description":"[:de]Erschienen auf Wirtschaftskammer \u00d6sterreich  Gesch\u00e4ftsf\u00fchrer von ferdmc Stefan Engel-Flechsig, hielt in seiner Funktion als Leiter des Forums elektronische Rechnung Deutschland (FeRD) auf dem WK\u00d6-Kongress einen Vortrag \u00fcber die aktuellen Entwicklungen in der EU und Praxis der E-Rechnung in Deutschland. Die Wirtschaftskammer \u00d6sterreich stellt diesen und weitere Vortr\u00e4ge in Video-Form auf Ihrer Website zur Verf\u00fcgung.[:]Weitere Informationen","og_url":"https:\/\/www.ferdmc.com\/2014\/11\/03\/nachbericht-videos-zum-4-kongress-e-rechnung-fokus-europa-und-international\/","og_site_name":"ferd management &amp; consulting GmbH","article_published_time":"2014-11-03T09:21:30+00:00","article_modified_time":"2017-09-18T09:21:36+00:00","author":"Annika Tiedemann","twitter_misc":{"Escrito por":"Annika Tiedemann","Tiempo de lectura":"1 minuto"},"schema":{"@context":"https:\/\/schema.org","@graph":[{"@type":"WebPage","@id":"https:\/\/www.ferdmc.com\/2014\/11\/03\/nachbericht-videos-zum-4-kongress-e-rechnung-fokus-europa-und-international\/","url":"https:\/\/www.ferdmc.com\/2014\/11\/03\/nachbericht-videos-zum-4-kongress-e-rechnung-fokus-europa-und-international\/","name":"(Deutsch) Nachbericht & Videos zum 4. Kongress E-Rechnung - Fokus Europa und International - ferd management &amp; consulting GmbH","isPartOf":{"@id":"https:\/\/www.ferdmc.com\/#website"},"datePublished":"2014-11-03T09:21:30+00:00","dateModified":"2017-09-18T09:21:36+00:00","author":{"@id":"https:\/\/www.ferdmc.com\/#\/schema\/person\/fb3f185cf13757bc3d511eab5f0147c0"},"breadcrumb":{"@id":"https:\/\/www.ferdmc.com\/2014\/11\/03\/nachbericht-videos-zum-4-kongress-e-rechnung-fokus-europa-und-international\/#breadcrumb"},"inLanguage":"es","potentialAction":[{"@type":"ReadAction","target":["https:\/\/www.ferdmc.com\/2014\/11\/03\/nachbericht-videos-zum-4-kongress-e-rechnung-fokus-europa-und-international\/"]}]},{"@type":"BreadcrumbList","@id":"https:\/\/www.ferdmc.com\/2014\/11\/03\/nachbericht-videos-zum-4-kongress-e-rechnung-fokus-europa-und-international\/#breadcrumb","itemListElement":[{"@type":"ListItem","position":1,"name":"Home","item":"https:\/\/www.ferdmc.com\/"},{"@type":"ListItem","position":2,"name":"Nachbericht &#038; Videos zum 4. Kongress E-Rechnung &#8211; Fokus Europa und International"}]},{"@type":"WebSite","@id":"https:\/\/www.ferdmc.com\/#website","url":"https:\/\/www.ferdmc.com\/","name":"ferd management &amp; consulting GmbH","description":"Optimierte Rechnungsprozesse","potentialAction":[{"@type":"SearchAction","target":{"@type":"EntryPoint","urlTemplate":"https:\/\/www.ferdmc.com\/?s={search_term_string}"},"query-input":"required name=search_term_string"}],"inLanguage":"es"},{"@type":"Person","@id":"https:\/\/www.ferdmc.com\/#\/schema\/person\/fb3f185cf13757bc3d511eab5f0147c0","name":"Annika Tiedemann","image":{"@type":"ImageObject","inLanguage":"es","@id":"https:\/\/www.ferdmc.com\/#\/schema\/person\/image\/","url":"https:\/\/secure.gravatar.com\/avatar\/da2c5066c5bd65c9e118cd60f68c1a90?s=96&d=mm&r=g","contentUrl":"https:\/\/secure.gravatar.com\/avatar\/da2c5066c5bd65c9e118cd60f68c1a90?s=96&d=mm&r=g","caption":"Annika Tiedemann"},"url":"https:\/\/www.ferdmc.com\/es\/author\/annika-tiedemann\/"}]}},"_links":{"self":[{"href":"https:\/\/www.ferdmc.com\/es\/wp-json\/wp\/v2\/posts\/575"}],"collection":[{"href":"https:\/\/www.ferdmc.com\/es\/wp-json\/wp\/v2\/posts"}],"about":[{"href":"https:\/\/www.ferdmc.com\/es\/wp-json\/wp\/v2\/types\/post"}],"author":[{"embeddable":true,"href":"https:\/\/www.ferdmc.com\/es\/wp-json\/wp\/v2\/users\/3"}],"replies":[{"embeddable":true,"href":"https:\/\/www.ferdmc.com\/es\/wp-json\/wp\/v2\/comments?post=575"}],"version-history":[{"count":21,"href":"https:\/\/www.ferdmc.com\/es\/wp-json\/wp\/v2\/posts\/575\/revisions"}],"predecessor-version":[{"id":783,"href":"https:\/\/www.ferdmc.com\/es\/wp-json\/wp\/v2\/posts\/575\/revisions\/783"}],"wp:attachment":[{"href":"https:\/\/www.ferdmc.com\/es\/wp-json\/wp\/v2\/media?parent=575"}],"wp:term":[{"taxonomy":"category","embeddable":true,"href":"https:\/\/www.ferdmc.com\/es\/wp-json\/wp\/v2\/categories?post=575"},{"taxonomy":"post_tag","embeddable":true,"href":"https:\/\/www.ferdmc.com\/es\/wp-json\/wp\/v2\/tags?post=575"}],"curies":[{"name":"wp","href":"https:\/\/api.w.org\/{rel}","templated":true}]}}