{"id":561,"date":"2014-09-19T11:20:54","date_gmt":"2014-09-19T10:20:54","guid":{"rendered":"http:\/\/www.ferdmc.com\/?p=561"},"modified":"2014-09-19T11:24:03","modified_gmt":"2014-09-19T10:24:03","slug":"1-ferd-konferenz-war-ein-voller-erfolg-nun-wird-aufgesattelt","status":"publish","type":"post","link":"https:\/\/www.ferdmc.com\/en\/2014\/09\/19\/1-ferd-konferenz-war-ein-voller-erfolg-nun-wird-aufgesattelt\/","title":{"rendered":"(Deutsch) 1.FeRD-Konferenz war ein voller Erfolg \u2013 Nun wird aufgesattelt"},"content":{"rendered":"<p class=\"qtranxs-available-languages-message qtranxs-available-languages-message-en\">Sorry, this entry is only available in <a href=\"https:\/\/www.ferdmc.com\/de\/wp-json\/wp\/v2\/posts\/561\" class=\"qtranxs-available-language-link qtranxs-available-language-link-de\" title=\"Deutsch\">German<\/a>.<\/p>","protected":false},"excerpt":{"rendered":"<p class=\"qtranxs-available-languages-message qtranxs-available-languages-message-en\">Sorry, this entry is only available in <a href=\"https:\/\/www.ferdmc.com\/de\/wp-json\/wp\/v2\/posts\/561\" class=\"qtranxs-available-language-link qtranxs-available-language-link-de\" title=\"Deutsch\">German<\/a>.<\/p>\n","protected":false},"author":3,"featured_media":0,"comment_status":"open","ping_status":"open","sticky":false,"template":"","format":"standard","meta":{"footnotes":""},"categories":[4],"tags":[],"yoast_head":"<!-- This site is optimized with the Yoast SEO plugin v21.8 - https:\/\/yoast.com\/wordpress\/plugins\/seo\/ -->\n<title>(Deutsch) 1.FeRD-Konferenz war ein voller Erfolg \u2013 Nun wird aufgesattelt - ferd management &amp; consulting GmbH<\/title>\n<meta name=\"robots\" content=\"index, follow, max-snippet:-1, max-image-preview:large, max-video-preview:-1\" \/>\n<link rel=\"canonical\" href=\"https:\/\/www.ferdmc.com\/2014\/09\/19\/1-ferd-konferenz-war-ein-voller-erfolg-nun-wird-aufgesattelt\/\" \/>\n<meta property=\"og:locale\" content=\"en_US\" \/>\n<meta property=\"og:type\" content=\"article\" \/>\n<meta property=\"og:title\" content=\"(Deutsch) 1.FeRD-Konferenz war ein voller Erfolg \u2013 Nun wird aufgesattelt - ferd management &amp; consulting GmbH\" \/>\n<meta property=\"og:description\" content=\"Erschienen auf www.mittellstand-nachrichten.de  Mittelstand Nachrichten ver\u00f6ffentlichte einen Fachartikel \u00fcber die 1.-FeRD-Konferenz in Berlin. Auch Stefan Engel-Flechsig, Gesch\u00e4ftsf\u00fchrer von ferdmc, hat in seiner Position als Leiter des Forums elektronische Rechnung Deutschland (FeRD) referiert. In dem Ausf\u00fchrlichen Bericht finden sich allerlei Informationen rund um FeRD, ZUGFeRD, elektronische Rechnungen.Weitere Informationen\" \/>\n<meta property=\"og:url\" content=\"https:\/\/www.ferdmc.com\/2014\/09\/19\/1-ferd-konferenz-war-ein-voller-erfolg-nun-wird-aufgesattelt\/\" \/>\n<meta property=\"og:site_name\" content=\"ferd management &amp; consulting GmbH\" \/>\n<meta property=\"article:published_time\" content=\"2014-09-19T10:20:54+00:00\" \/>\n<meta property=\"article:modified_time\" content=\"2014-09-19T10:24:03+00:00\" \/>\n<meta name=\"author\" content=\"Annika Tiedemann\" \/>\n<meta name=\"twitter:label1\" content=\"Written by\" \/>\n\t<meta name=\"twitter:data1\" content=\"Annika Tiedemann\" \/>\n<script type=\"application\/ld+json\" class=\"yoast-schema-graph\">{\"@context\":\"https:\/\/schema.org\",\"@graph\":[{\"@type\":\"WebPage\",\"@id\":\"https:\/\/www.ferdmc.com\/2014\/09\/19\/1-ferd-konferenz-war-ein-voller-erfolg-nun-wird-aufgesattelt\/\",\"url\":\"https:\/\/www.ferdmc.com\/2014\/09\/19\/1-ferd-konferenz-war-ein-voller-erfolg-nun-wird-aufgesattelt\/\",\"name\":\"(Deutsch) 1.FeRD-Konferenz war ein voller Erfolg \u2013 Nun wird aufgesattelt - ferd management &amp; consulting GmbH\",\"isPartOf\":{\"@id\":\"https:\/\/www.ferdmc.com\/#website\"},\"datePublished\":\"2014-09-19T10:20:54+00:00\",\"dateModified\":\"2014-09-19T10:24:03+00:00\",\"author\":{\"@id\":\"https:\/\/www.ferdmc.com\/#\/schema\/person\/fb3f185cf13757bc3d511eab5f0147c0\"},\"breadcrumb\":{\"@id\":\"https:\/\/www.ferdmc.com\/2014\/09\/19\/1-ferd-konferenz-war-ein-voller-erfolg-nun-wird-aufgesattelt\/#breadcrumb\"},\"inLanguage\":\"en-US\",\"potentialAction\":[{\"@type\":\"ReadAction\",\"target\":[\"https:\/\/www.ferdmc.com\/2014\/09\/19\/1-ferd-konferenz-war-ein-voller-erfolg-nun-wird-aufgesattelt\/\"]}]},{\"@type\":\"BreadcrumbList\",\"@id\":\"https:\/\/www.ferdmc.com\/2014\/09\/19\/1-ferd-konferenz-war-ein-voller-erfolg-nun-wird-aufgesattelt\/#breadcrumb\",\"itemListElement\":[{\"@type\":\"ListItem\",\"position\":1,\"name\":\"Home\",\"item\":\"https:\/\/www.ferdmc.com\/\"},{\"@type\":\"ListItem\",\"position\":2,\"name\":\"1.FeRD-Konferenz war ein voller Erfolg \u2013 Nun wird aufgesattelt\"}]},{\"@type\":\"WebSite\",\"@id\":\"https:\/\/www.ferdmc.com\/#website\",\"url\":\"https:\/\/www.ferdmc.com\/\",\"name\":\"ferd management &amp; consulting GmbH\",\"description\":\"Optimierte Rechnungsprozesse\",\"potentialAction\":[{\"@type\":\"SearchAction\",\"target\":{\"@type\":\"EntryPoint\",\"urlTemplate\":\"https:\/\/www.ferdmc.com\/?s={search_term_string}\"},\"query-input\":\"required name=search_term_string\"}],\"inLanguage\":\"en-US\"},{\"@type\":\"Person\",\"@id\":\"https:\/\/www.ferdmc.com\/#\/schema\/person\/fb3f185cf13757bc3d511eab5f0147c0\",\"name\":\"Annika Tiedemann\",\"image\":{\"@type\":\"ImageObject\",\"inLanguage\":\"en-US\",\"@id\":\"https:\/\/www.ferdmc.com\/#\/schema\/person\/image\/\",\"url\":\"https:\/\/secure.gravatar.com\/avatar\/da2c5066c5bd65c9e118cd60f68c1a90?s=96&d=mm&r=g\",\"contentUrl\":\"https:\/\/secure.gravatar.com\/avatar\/da2c5066c5bd65c9e118cd60f68c1a90?s=96&d=mm&r=g\",\"caption\":\"Annika Tiedemann\"},\"url\":\"https:\/\/www.ferdmc.com\/en\/author\/annika-tiedemann\/\"}]}<\/script>\n<!-- \/ Yoast SEO plugin. -->","yoast_head_json":{"title":"(Deutsch) 1.FeRD-Konferenz war ein voller Erfolg \u2013 Nun wird aufgesattelt - ferd management &amp; consulting GmbH","robots":{"index":"index","follow":"follow","max-snippet":"max-snippet:-1","max-image-preview":"max-image-preview:large","max-video-preview":"max-video-preview:-1"},"canonical":"https:\/\/www.ferdmc.com\/2014\/09\/19\/1-ferd-konferenz-war-ein-voller-erfolg-nun-wird-aufgesattelt\/","og_locale":"en_US","og_type":"article","og_title":"(Deutsch) 1.FeRD-Konferenz war ein voller Erfolg \u2013 Nun wird aufgesattelt - ferd management &amp; consulting GmbH","og_description":"Erschienen auf www.mittellstand-nachrichten.de  Mittelstand Nachrichten ver\u00f6ffentlichte einen Fachartikel \u00fcber die 1.-FeRD-Konferenz in Berlin. Auch Stefan Engel-Flechsig, Gesch\u00e4ftsf\u00fchrer von ferdmc, hat in seiner Position als Leiter des Forums elektronische Rechnung Deutschland (FeRD) referiert. In dem Ausf\u00fchrlichen Bericht finden sich allerlei Informationen rund um FeRD, ZUGFeRD, elektronische Rechnungen.Weitere Informationen","og_url":"https:\/\/www.ferdmc.com\/2014\/09\/19\/1-ferd-konferenz-war-ein-voller-erfolg-nun-wird-aufgesattelt\/","og_site_name":"ferd management &amp; consulting GmbH","article_published_time":"2014-09-19T10:20:54+00:00","article_modified_time":"2014-09-19T10:24:03+00:00","author":"Annika Tiedemann","twitter_misc":{"Written by":"Annika Tiedemann"},"schema":{"@context":"https:\/\/schema.org","@graph":[{"@type":"WebPage","@id":"https:\/\/www.ferdmc.com\/2014\/09\/19\/1-ferd-konferenz-war-ein-voller-erfolg-nun-wird-aufgesattelt\/","url":"https:\/\/www.ferdmc.com\/2014\/09\/19\/1-ferd-konferenz-war-ein-voller-erfolg-nun-wird-aufgesattelt\/","name":"(Deutsch) 1.FeRD-Konferenz war ein voller Erfolg \u2013 Nun wird aufgesattelt - ferd management &amp; consulting GmbH","isPartOf":{"@id":"https:\/\/www.ferdmc.com\/#website"},"datePublished":"2014-09-19T10:20:54+00:00","dateModified":"2014-09-19T10:24:03+00:00","author":{"@id":"https:\/\/www.ferdmc.com\/#\/schema\/person\/fb3f185cf13757bc3d511eab5f0147c0"},"breadcrumb":{"@id":"https:\/\/www.ferdmc.com\/2014\/09\/19\/1-ferd-konferenz-war-ein-voller-erfolg-nun-wird-aufgesattelt\/#breadcrumb"},"inLanguage":"en-US","potentialAction":[{"@type":"ReadAction","target":["https:\/\/www.ferdmc.com\/2014\/09\/19\/1-ferd-konferenz-war-ein-voller-erfolg-nun-wird-aufgesattelt\/"]}]},{"@type":"BreadcrumbList","@id":"https:\/\/www.ferdmc.com\/2014\/09\/19\/1-ferd-konferenz-war-ein-voller-erfolg-nun-wird-aufgesattelt\/#breadcrumb","itemListElement":[{"@type":"ListItem","position":1,"name":"Home","item":"https:\/\/www.ferdmc.com\/"},{"@type":"ListItem","position":2,"name":"1.FeRD-Konferenz war ein voller Erfolg \u2013 Nun wird aufgesattelt"}]},{"@type":"WebSite","@id":"https:\/\/www.ferdmc.com\/#website","url":"https:\/\/www.ferdmc.com\/","name":"ferd management &amp; consulting GmbH","description":"Optimierte Rechnungsprozesse","potentialAction":[{"@type":"SearchAction","target":{"@type":"EntryPoint","urlTemplate":"https:\/\/www.ferdmc.com\/?s={search_term_string}"},"query-input":"required name=search_term_string"}],"inLanguage":"en-US"},{"@type":"Person","@id":"https:\/\/www.ferdmc.com\/#\/schema\/person\/fb3f185cf13757bc3d511eab5f0147c0","name":"Annika Tiedemann","image":{"@type":"ImageObject","inLanguage":"en-US","@id":"https:\/\/www.ferdmc.com\/#\/schema\/person\/image\/","url":"https:\/\/secure.gravatar.com\/avatar\/da2c5066c5bd65c9e118cd60f68c1a90?s=96&d=mm&r=g","contentUrl":"https:\/\/secure.gravatar.com\/avatar\/da2c5066c5bd65c9e118cd60f68c1a90?s=96&d=mm&r=g","caption":"Annika Tiedemann"},"url":"https:\/\/www.ferdmc.com\/en\/author\/annika-tiedemann\/"}]}},"_links":{"self":[{"href":"https:\/\/www.ferdmc.com\/en\/wp-json\/wp\/v2\/posts\/561"}],"collection":[{"href":"https:\/\/www.ferdmc.com\/en\/wp-json\/wp\/v2\/posts"}],"about":[{"href":"https:\/\/www.ferdmc.com\/en\/wp-json\/wp\/v2\/types\/post"}],"author":[{"embeddable":true,"href":"https:\/\/www.ferdmc.com\/en\/wp-json\/wp\/v2\/users\/3"}],"replies":[{"embeddable":true,"href":"https:\/\/www.ferdmc.com\/en\/wp-json\/wp\/v2\/comments?post=561"}],"version-history":[{"count":3,"href":"https:\/\/www.ferdmc.com\/en\/wp-json\/wp\/v2\/posts\/561\/revisions"}],"predecessor-version":[{"id":565,"href":"https:\/\/www.ferdmc.com\/en\/wp-json\/wp\/v2\/posts\/561\/revisions\/565"}],"wp:attachment":[{"href":"https:\/\/www.ferdmc.com\/en\/wp-json\/wp\/v2\/media?parent=561"}],"wp:term":[{"taxonomy":"category","embeddable":true,"href":"https:\/\/www.ferdmc.com\/en\/wp-json\/wp\/v2\/categories?post=561"},{"taxonomy":"post_tag","embeddable":true,"href":"https:\/\/www.ferdmc.com\/en\/wp-json\/wp\/v2\/tags?post=561"}],"curies":[{"name":"wp","href":"https:\/\/api.w.org\/{rel}","templated":true}]}}