{"id":508,"date":"2014-04-01T09:28:46","date_gmt":"2014-04-01T08:28:46","guid":{"rendered":"http:\/\/www.ferdmc.com\/?p=508"},"modified":"2017-09-18T07:55:43","modified_gmt":"2017-09-18T06:55:43","slug":"cebit-2014-vollgas-voraus-mit-zugferd","status":"publish","type":"post","link":"https:\/\/www.ferdmc.com\/en\/2014\/04\/01\/cebit-2014-vollgas-voraus-mit-zugferd\/","title":{"rendered":"(Deutsch) CeBIT 2014: Vollgas voraus mit ZUGFeRD"},"content":{"rendered":"<p class=\"qtranxs-available-languages-message qtranxs-available-languages-message-en\">Sorry, this entry is only available in <a href=\"https:\/\/www.ferdmc.com\/de\/wp-json\/wp\/v2\/posts\/508\" class=\"qtranxs-available-language-link qtranxs-available-language-link-de\" title=\"Deutsch\">German<\/a>.<\/p>","protected":false},"excerpt":{"rendered":"<p class=\"qtranxs-available-languages-message qtranxs-available-languages-message-en\">Sorry, this entry is only available in <a href=\"https:\/\/www.ferdmc.com\/de\/wp-json\/wp\/v2\/posts\/508\" class=\"qtranxs-available-language-link qtranxs-available-language-link-de\" title=\"Deutsch\">German<\/a>.<\/p>\n","protected":false},"author":3,"featured_media":0,"comment_status":"open","ping_status":"open","sticky":false,"template":"","format":"standard","meta":{"footnotes":""},"categories":[4],"tags":[],"yoast_head":"<!-- This site is optimized with the Yoast SEO plugin v21.8 - https:\/\/yoast.com\/wordpress\/plugins\/seo\/ -->\n<title>(Deutsch) CeBIT 2014: Vollgas voraus mit ZUGFeRD - ferd management &amp; consulting GmbH<\/title>\n<meta name=\"robots\" content=\"index, follow, max-snippet:-1, max-image-preview:large, max-video-preview:-1\" \/>\n<link rel=\"canonical\" href=\"https:\/\/www.ferdmc.com\/2014\/04\/01\/cebit-2014-vollgas-voraus-mit-zugferd\/\" \/>\n<meta property=\"og:locale\" content=\"en_US\" \/>\n<meta property=\"og:type\" content=\"article\" \/>\n<meta property=\"og:title\" content=\"(Deutsch) CeBIT 2014: Vollgas voraus mit ZUGFeRD - ferd management &amp; consulting GmbH\" \/>\n<meta property=\"og:description\" content=\"[:de]Erschienen in Ausgabe 2\/2014 AWV-Informationen  In der Mitglieder-Zeitschrift des AWV (Arbeitsgemeinschaft f\u00fcr wirtschaftliche Verwaltung e. V.) wurde \u00fcber drei von FeRD organisierte Fachforen zu den Themen elektronische Rechnung und ZUGFeRD berichtet. Zu den Referenten geh\u00f6rten unter anderem auch Stefan Engel-Flechsig, Leiter von FeRD und Gesch\u00e4ftsf\u00fchrer von ferdmc sowie Andreas Pelekies Chief Technology Officer von ferdmc und Leiter des FeRD-Arbeitskreises \u201eTechnische Standards und ZUGFeRD\u201c. [:]Weitere Informationen\" \/>\n<meta property=\"og:url\" content=\"https:\/\/www.ferdmc.com\/2014\/04\/01\/cebit-2014-vollgas-voraus-mit-zugferd\/\" \/>\n<meta property=\"og:site_name\" content=\"ferd management &amp; consulting GmbH\" \/>\n<meta property=\"article:published_time\" content=\"2014-04-01T08:28:46+00:00\" \/>\n<meta property=\"article:modified_time\" content=\"2017-09-18T06:55:43+00:00\" \/>\n<meta name=\"author\" content=\"Annika Tiedemann\" \/>\n<meta name=\"twitter:label1\" content=\"Written by\" \/>\n\t<meta name=\"twitter:data1\" content=\"Annika Tiedemann\" \/>\n<script type=\"application\/ld+json\" class=\"yoast-schema-graph\">{\"@context\":\"https:\/\/schema.org\",\"@graph\":[{\"@type\":\"WebPage\",\"@id\":\"https:\/\/www.ferdmc.com\/2014\/04\/01\/cebit-2014-vollgas-voraus-mit-zugferd\/\",\"url\":\"https:\/\/www.ferdmc.com\/2014\/04\/01\/cebit-2014-vollgas-voraus-mit-zugferd\/\",\"name\":\"(Deutsch) CeBIT 2014: Vollgas voraus mit ZUGFeRD - ferd management &amp; consulting GmbH\",\"isPartOf\":{\"@id\":\"https:\/\/www.ferdmc.com\/#website\"},\"datePublished\":\"2014-04-01T08:28:46+00:00\",\"dateModified\":\"2017-09-18T06:55:43+00:00\",\"author\":{\"@id\":\"https:\/\/www.ferdmc.com\/#\/schema\/person\/fb3f185cf13757bc3d511eab5f0147c0\"},\"breadcrumb\":{\"@id\":\"https:\/\/www.ferdmc.com\/2014\/04\/01\/cebit-2014-vollgas-voraus-mit-zugferd\/#breadcrumb\"},\"inLanguage\":\"en-US\",\"potentialAction\":[{\"@type\":\"ReadAction\",\"target\":[\"https:\/\/www.ferdmc.com\/2014\/04\/01\/cebit-2014-vollgas-voraus-mit-zugferd\/\"]}]},{\"@type\":\"BreadcrumbList\",\"@id\":\"https:\/\/www.ferdmc.com\/2014\/04\/01\/cebit-2014-vollgas-voraus-mit-zugferd\/#breadcrumb\",\"itemListElement\":[{\"@type\":\"ListItem\",\"position\":1,\"name\":\"Home\",\"item\":\"https:\/\/www.ferdmc.com\/\"},{\"@type\":\"ListItem\",\"position\":2,\"name\":\"CeBIT 2014: Vollgas voraus mit ZUGFeRD\"}]},{\"@type\":\"WebSite\",\"@id\":\"https:\/\/www.ferdmc.com\/#website\",\"url\":\"https:\/\/www.ferdmc.com\/\",\"name\":\"ferd management &amp; consulting GmbH\",\"description\":\"Optimierte Rechnungsprozesse\",\"potentialAction\":[{\"@type\":\"SearchAction\",\"target\":{\"@type\":\"EntryPoint\",\"urlTemplate\":\"https:\/\/www.ferdmc.com\/?s={search_term_string}\"},\"query-input\":\"required name=search_term_string\"}],\"inLanguage\":\"en-US\"},{\"@type\":\"Person\",\"@id\":\"https:\/\/www.ferdmc.com\/#\/schema\/person\/fb3f185cf13757bc3d511eab5f0147c0\",\"name\":\"Annika Tiedemann\",\"image\":{\"@type\":\"ImageObject\",\"inLanguage\":\"en-US\",\"@id\":\"https:\/\/www.ferdmc.com\/#\/schema\/person\/image\/\",\"url\":\"https:\/\/secure.gravatar.com\/avatar\/da2c5066c5bd65c9e118cd60f68c1a90?s=96&d=mm&r=g\",\"contentUrl\":\"https:\/\/secure.gravatar.com\/avatar\/da2c5066c5bd65c9e118cd60f68c1a90?s=96&d=mm&r=g\",\"caption\":\"Annika Tiedemann\"},\"url\":\"https:\/\/www.ferdmc.com\/en\/author\/annika-tiedemann\/\"}]}<\/script>\n<!-- \/ Yoast SEO plugin. -->","yoast_head_json":{"title":"(Deutsch) CeBIT 2014: Vollgas voraus mit ZUGFeRD - ferd management &amp; consulting GmbH","robots":{"index":"index","follow":"follow","max-snippet":"max-snippet:-1","max-image-preview":"max-image-preview:large","max-video-preview":"max-video-preview:-1"},"canonical":"https:\/\/www.ferdmc.com\/2014\/04\/01\/cebit-2014-vollgas-voraus-mit-zugferd\/","og_locale":"en_US","og_type":"article","og_title":"(Deutsch) CeBIT 2014: Vollgas voraus mit ZUGFeRD - ferd management &amp; consulting GmbH","og_description":"[:de]Erschienen in Ausgabe 2\/2014 AWV-Informationen  In der Mitglieder-Zeitschrift des AWV (Arbeitsgemeinschaft f\u00fcr wirtschaftliche Verwaltung e. V.) wurde \u00fcber drei von FeRD organisierte Fachforen zu den Themen elektronische Rechnung und ZUGFeRD berichtet. Zu den Referenten geh\u00f6rten unter anderem auch Stefan Engel-Flechsig, Leiter von FeRD und Gesch\u00e4ftsf\u00fchrer von ferdmc sowie Andreas Pelekies Chief Technology Officer von ferdmc und Leiter des FeRD-Arbeitskreises \u201eTechnische Standards und ZUGFeRD\u201c. [:]Weitere Informationen","og_url":"https:\/\/www.ferdmc.com\/2014\/04\/01\/cebit-2014-vollgas-voraus-mit-zugferd\/","og_site_name":"ferd management &amp; consulting GmbH","article_published_time":"2014-04-01T08:28:46+00:00","article_modified_time":"2017-09-18T06:55:43+00:00","author":"Annika Tiedemann","twitter_misc":{"Written by":"Annika Tiedemann"},"schema":{"@context":"https:\/\/schema.org","@graph":[{"@type":"WebPage","@id":"https:\/\/www.ferdmc.com\/2014\/04\/01\/cebit-2014-vollgas-voraus-mit-zugferd\/","url":"https:\/\/www.ferdmc.com\/2014\/04\/01\/cebit-2014-vollgas-voraus-mit-zugferd\/","name":"(Deutsch) CeBIT 2014: Vollgas voraus mit ZUGFeRD - ferd management &amp; consulting GmbH","isPartOf":{"@id":"https:\/\/www.ferdmc.com\/#website"},"datePublished":"2014-04-01T08:28:46+00:00","dateModified":"2017-09-18T06:55:43+00:00","author":{"@id":"https:\/\/www.ferdmc.com\/#\/schema\/person\/fb3f185cf13757bc3d511eab5f0147c0"},"breadcrumb":{"@id":"https:\/\/www.ferdmc.com\/2014\/04\/01\/cebit-2014-vollgas-voraus-mit-zugferd\/#breadcrumb"},"inLanguage":"en-US","potentialAction":[{"@type":"ReadAction","target":["https:\/\/www.ferdmc.com\/2014\/04\/01\/cebit-2014-vollgas-voraus-mit-zugferd\/"]}]},{"@type":"BreadcrumbList","@id":"https:\/\/www.ferdmc.com\/2014\/04\/01\/cebit-2014-vollgas-voraus-mit-zugferd\/#breadcrumb","itemListElement":[{"@type":"ListItem","position":1,"name":"Home","item":"https:\/\/www.ferdmc.com\/"},{"@type":"ListItem","position":2,"name":"CeBIT 2014: Vollgas voraus mit ZUGFeRD"}]},{"@type":"WebSite","@id":"https:\/\/www.ferdmc.com\/#website","url":"https:\/\/www.ferdmc.com\/","name":"ferd management &amp; consulting GmbH","description":"Optimierte Rechnungsprozesse","potentialAction":[{"@type":"SearchAction","target":{"@type":"EntryPoint","urlTemplate":"https:\/\/www.ferdmc.com\/?s={search_term_string}"},"query-input":"required name=search_term_string"}],"inLanguage":"en-US"},{"@type":"Person","@id":"https:\/\/www.ferdmc.com\/#\/schema\/person\/fb3f185cf13757bc3d511eab5f0147c0","name":"Annika Tiedemann","image":{"@type":"ImageObject","inLanguage":"en-US","@id":"https:\/\/www.ferdmc.com\/#\/schema\/person\/image\/","url":"https:\/\/secure.gravatar.com\/avatar\/da2c5066c5bd65c9e118cd60f68c1a90?s=96&d=mm&r=g","contentUrl":"https:\/\/secure.gravatar.com\/avatar\/da2c5066c5bd65c9e118cd60f68c1a90?s=96&d=mm&r=g","caption":"Annika Tiedemann"},"url":"https:\/\/www.ferdmc.com\/en\/author\/annika-tiedemann\/"}]}},"_links":{"self":[{"href":"https:\/\/www.ferdmc.com\/en\/wp-json\/wp\/v2\/posts\/508"}],"collection":[{"href":"https:\/\/www.ferdmc.com\/en\/wp-json\/wp\/v2\/posts"}],"about":[{"href":"https:\/\/www.ferdmc.com\/en\/wp-json\/wp\/v2\/types\/post"}],"author":[{"embeddable":true,"href":"https:\/\/www.ferdmc.com\/en\/wp-json\/wp\/v2\/users\/3"}],"replies":[{"embeddable":true,"href":"https:\/\/www.ferdmc.com\/en\/wp-json\/wp\/v2\/comments?post=508"}],"version-history":[{"count":10,"href":"https:\/\/www.ferdmc.com\/en\/wp-json\/wp\/v2\/posts\/508\/revisions"}],"predecessor-version":[{"id":768,"href":"https:\/\/www.ferdmc.com\/en\/wp-json\/wp\/v2\/posts\/508\/revisions\/768"}],"wp:attachment":[{"href":"https:\/\/www.ferdmc.com\/en\/wp-json\/wp\/v2\/media?parent=508"}],"wp:term":[{"taxonomy":"category","embeddable":true,"href":"https:\/\/www.ferdmc.com\/en\/wp-json\/wp\/v2\/categories?post=508"},{"taxonomy":"post_tag","embeddable":true,"href":"https:\/\/www.ferdmc.com\/en\/wp-json\/wp\/v2\/tags?post=508"}],"curies":[{"name":"wp","href":"https:\/\/api.w.org\/{rel}","templated":true}]}}